{"id":1206,"date":"2025-11-23T11:51:19","date_gmt":"2025-11-23T10:51:19","guid":{"rendered":"https:\/\/bvik.de\/?p=132"},"modified":"2025-11-23T11:51:19","modified_gmt":"2025-11-23T10:51:19","slug":"vogelnest","status":"publish","type":"post","link":"https:\/\/lbb-impuls.de\/?p=1206","title":{"rendered":"Vogelnest"},"content":{"rendered":"\n<h3 class=\"wp-block-heading\">Fakten<\/h3>\n\n\n\n<ul class=\"wp-block-list\">\n<li>7 Pl\u00e4tze in einer Wohngruppe nach \u00a7 34 und 42<\/li>\n\n\n\n<li>Alter von 0 bis 6 Jahre<\/li>\n\n\n\n<li>Unterbringung auch f\u00fcr Babys<\/li>\n\n\n\n<li>Kleinkindgerechte Unterbringung<\/li>\n\n\n\n<li>abgegrenzter Au\u00dfenbereich mit Spielplatz<\/li>\n<\/ul>\n\n\n\n<h3 class=\"wp-block-heading\">Spezialit\u00e4ten<\/h3>\n\n\n\n<ul class=\"wp-block-list\">\n<li>Multiprofessionelles Team mit Kinderkrankenschwester<\/li>\n\n\n\n<li>Speziell f\u00fcr pulmologische Problemf\u00e4lle<\/li>\n\n\n\n<li>gefestigtes Netzwerk zu Kindertagesst\u00e4tten und Schulen<\/li>\n\n\n\n<li>besonderer Familienkontakt zwecks famili\u00e4rer R\u00fcckkehr&nbsp;<\/li>\n\n\n\n<li>Psychologisches Zentrum der BVIK am Standort<\/li>\n<\/ul>\n\n\n\n<h3 class=\"wp-block-heading\">professionelle Betreuung<\/h3>\n\n\n<div class=\"wp-block-post-excerpt\"><p class=\"wp-block-post-excerpt__excerpt\">Wir nehmen auch S\u00e4uglinge und Kleinkinder im Alter von 0 bis 18 Monaten auf. Dank unserer jahrelangen Erfahrung (insbesondere auch mit der Aufnahme von Fr\u00fchgeburten) durch regelm\u00e4\u00dfige Teilnahme an speziellen Fort- und Weiterbildungen und Zusammenarbeit in einem multiprofessionellen Team garantieren wir eine professionelle Betreuung. <\/p><\/div>\n\n\n<p>Unterst\u00fctzt werden wir durch Hebammen, einen langj\u00e4hrig praktizierenden Kinderarzt sowie unserer Kinderkrankenschwester und Traumatherapeutin.<\/p>\n\n\n\n<div class=\"wp-block-group blog-button is-layout-grid wp-container-core-group-is-layout-478b6e6b wp-block-group-is-layout-grid\">\n<figure class=\"wp-block-image size-full\"><img decoding=\"async\" src=\"https:\/\/neu.bvik.de\/wp-content\/uploads\/sites\/2\/2025\/11\/Vogelnest2.webp\" alt=\"\" class=\"wp-image-335\"\/><\/figure>\n\n\n\n<figure class=\"wp-block-image size-full\"><img decoding=\"async\" src=\"https:\/\/neu.bvik.de\/wp-content\/uploads\/sites\/2\/2025\/11\/Vogelnest3.webp\" alt=\"\" class=\"wp-image-336\"\/><\/figure>\n\n\n\n<figure class=\"wp-block-image size-full\"><img decoding=\"async\" src=\"https:\/\/neu.bvik.de\/wp-content\/uploads\/sites\/2\/2025\/11\/Vogelnest1.webp\" alt=\"\" class=\"wp-image-334\"\/><\/figure>\n<\/div>\n\n\n\n<p><strong>famili\u00e4r und kompetent<\/strong><\/p>\n\n\n\n<p>Wir wollen den Kindern in der Wohngruppe ein \u201ezu Hause\u201c gew\u00e4hren, in welchem sie sich gesund entwickeln und entfalten k\u00f6nnen. Das Zusammenleben soll den Kindern die M\u00f6glichkeit geben, in einem m\u00f6glichst famili\u00e4ren Rahmen gemeinsam mit anderen Kindern aufzuwachsen sowie Zuverl\u00e4ssigkeit und Konstanz erfahren.<br><br>Die Kinder werden im Hinblick auf den Eintritt in den Kindergarten und die sp\u00e4tere Einschulung vorbereitet und entsprechend gef\u00f6rdert. Wir bieten in allen Angeboten Betreuung w\u00e4hrend 365 Tagen&nbsp;im Jahr an.<\/p>\n\n\n<ul class=\"wp-block-latest-posts__list has-author wp-block-latest-posts\"><li><div class=\"wp-block-latest-posts__featured-image alignright\"><\/div><a class=\"wp-block-latest-posts__post-title\" href=\"https:\/\/lbb-impuls.de\/?p=360\">BVIK-Freizeitwelt<\/a><div class=\"wp-block-latest-posts__post-author\">von admin<\/div><\/li>\n<li><div class=\"wp-block-latest-posts__featured-image alignright\"><\/div><a class=\"wp-block-latest-posts__post-title\" href=\"https:\/\/lbb-impuls.de\/?p=259\">Internationale Arbeit<\/a><div class=\"wp-block-latest-posts__post-author\">von admin<\/div><\/li>\n<li><div class=\"wp-block-latest-posts__featured-image alignright\"><\/div><a class=\"wp-block-latest-posts__post-title\" href=\"https:\/\/lbb-impuls.de\/?p=257\">Tante-Emma-Laden<\/a><div class=\"wp-block-latest-posts__post-author\">von admin<\/div><\/li>\n<li><div class=\"wp-block-latest-posts__featured-image alignright\"><\/div><a class=\"wp-block-latest-posts__post-title\" href=\"https:\/\/lbb-impuls.de\/?p=255\">Sozialkaufhaus Magdeburg<\/a><div class=\"wp-block-latest-posts__post-author\">von admin<\/div><\/li>\n<li><div class=\"wp-block-latest-posts__featured-image alignright\"><\/div><a class=\"wp-block-latest-posts__post-title\" href=\"https:\/\/lbb-impuls.de\/?p=253\">Bundesfreiwilligendienst<\/a><div class=\"wp-block-latest-posts__post-author\">von admin<\/div><\/li>\n<\/ul>","protected":false},"excerpt":{"rendered":"<p>Wir nehmen auch S\u00e4uglinge und Kleinkinder im Alter von 0 bis 18 Monaten auf. Dank unserer jahrelangen Erfahrung (insbesondere auch mit der Aufnahme von Fr\u00fchgeburten) durch regelm\u00e4\u00dfige Teilnahme an speziellen Fort- und Weiterbildungen und Zusammenarbeit in einem multiprofessionellen Team garantieren wir eine professionelle Betreuung. <\/p>\n","protected":false},"author":2,"featured_media":328,"comment_status":"closed","ping_status":"closed","sticky":false,"template":"bvik-page","format":"standard","meta":{"footnotes":""},"categories":[9,10],"tags":[],"class_list":["post-1206","post","type-post","status-publish","format-standard","has-post-thumbnail","hentry","category-jugendhilfeverbund","category-kuj"],"yoast_head":"<!-- This site is optimized with the Yoast SEO plugin v26.6 - https:\/\/yoast.com\/wordpress\/plugins\/seo\/ -->\n<title>Vogelnest - LBB-Impuls gGmbH<\/title>\n<meta name=\"robots\" content=\"index, follow, max-snippet:-1, max-image-preview:large, max-video-preview:-1\" \/>\n<link rel=\"canonical\" href=\"https:\/\/lbb-impuls.de\/?p=1206\" \/>\n<meta property=\"og:locale\" content=\"de_DE\" \/>\n<meta property=\"og:type\" content=\"article\" \/>\n<meta property=\"og:title\" content=\"Vogelnest - LBB-Impuls gGmbH\" \/>\n<meta property=\"og:description\" content=\"Wir nehmen auch S\u00e4uglinge und Kleinkinder im Alter von 0 bis 18 Monaten auf. Dank unserer jahrelangen Erfahrung (insbesondere auch mit der Aufnahme von Fr\u00fchgeburten) durch regelm\u00e4\u00dfige Teilnahme an speziellen Fort- und Weiterbildungen und Zusammenarbeit in einem multiprofessionellen Team garantieren wir eine professionelle Betreuung.\" \/>\n<meta property=\"og:url\" content=\"https:\/\/lbb-impuls.de\/?p=1206\" \/>\n<meta property=\"og:site_name\" content=\"LBB-Impuls gGmbH\" \/>\n<meta property=\"article:published_time\" content=\"2025-11-23T10:51:19+00:00\" \/>\n<meta name=\"author\" content=\"admin\" \/>\n<meta name=\"twitter:card\" content=\"summary_large_image\" \/>\n<meta name=\"twitter:label1\" content=\"Verfasst von\" \/>\n\t<meta name=\"twitter:data1\" content=\"admin\" \/>\n\t<meta name=\"twitter:label2\" content=\"Gesch\u00e4tzte Lesezeit\" \/>\n\t<meta name=\"twitter:data2\" content=\"1\u00a0Minute\" \/>\n<script type=\"application\/ld+json\" class=\"yoast-schema-graph\">{\"@context\":\"https:\/\/schema.org\",\"@graph\":[{\"@type\":\"Article\",\"@id\":\"https:\/\/lbb-impuls.de\/?p=1206#article\",\"isPartOf\":{\"@id\":\"https:\/\/lbb-impuls.de\/?p=1206\"},\"author\":{\"name\":\"admin\",\"@id\":\"https:\/\/lbb-impuls.de\/#\/schema\/person\/59e8548eb77d3a82c3b9084ddb945fd5\"},\"headline\":\"Vogelnest\",\"datePublished\":\"2025-11-23T10:51:19+00:00\",\"mainEntityOfPage\":{\"@id\":\"https:\/\/lbb-impuls.de\/?p=1206\"},\"wordCount\":163,\"publisher\":{\"@id\":\"https:\/\/lbb-impuls.de\/#organization\"},\"image\":{\"@id\":\"https:\/\/lbb-impuls.de\/?p=1206#primaryimage\"},\"thumbnailUrl\":\"\",\"articleSection\":[\"Jugendhilfeverbund\",\"Kinder- und Jugendwohngruppen\"],\"inLanguage\":\"de\"},{\"@type\":\"WebPage\",\"@id\":\"https:\/\/lbb-impuls.de\/?p=1206\",\"url\":\"https:\/\/lbb-impuls.de\/?p=1206\",\"name\":\"Vogelnest - LBB-Impuls gGmbH\",\"isPartOf\":{\"@id\":\"https:\/\/lbb-impuls.de\/#website\"},\"primaryImageOfPage\":{\"@id\":\"https:\/\/lbb-impuls.de\/?p=1206#primaryimage\"},\"image\":{\"@id\":\"https:\/\/lbb-impuls.de\/?p=1206#primaryimage\"},\"thumbnailUrl\":\"\",\"datePublished\":\"2025-11-23T10:51:19+00:00\",\"breadcrumb\":{\"@id\":\"https:\/\/lbb-impuls.de\/?p=1206#breadcrumb\"},\"inLanguage\":\"de\",\"potentialAction\":[{\"@type\":\"ReadAction\",\"target\":[\"https:\/\/lbb-impuls.de\/?p=1206\"]}]},{\"@type\":\"ImageObject\",\"inLanguage\":\"de\",\"@id\":\"https:\/\/lbb-impuls.de\/?p=1206#primaryimage\",\"url\":\"\",\"contentUrl\":\"\"},{\"@type\":\"BreadcrumbList\",\"@id\":\"https:\/\/lbb-impuls.de\/?p=1206#breadcrumb\",\"itemListElement\":[{\"@type\":\"ListItem\",\"position\":1,\"name\":\"Startseite\",\"item\":\"https:\/\/lbb-impuls.de\/\"},{\"@type\":\"ListItem\",\"position\":2,\"name\":\"Vogelnest\"}]},{\"@type\":\"WebSite\",\"@id\":\"https:\/\/lbb-impuls.de\/#website\",\"url\":\"https:\/\/lbb-impuls.de\/\",\"name\":\"LBB-Impuls gGmbH\",\"description\":\"Beratung, die bewegt - Bildung, die begeistert\",\"publisher\":{\"@id\":\"https:\/\/lbb-impuls.de\/#organization\"},\"potentialAction\":[{\"@type\":\"SearchAction\",\"target\":{\"@type\":\"EntryPoint\",\"urlTemplate\":\"https:\/\/lbb-impuls.de\/?s={search_term_string}\"},\"query-input\":{\"@type\":\"PropertyValueSpecification\",\"valueRequired\":true,\"valueName\":\"search_term_string\"}}],\"inLanguage\":\"de\"},{\"@type\":\"Organization\",\"@id\":\"https:\/\/lbb-impuls.de\/#organization\",\"name\":\"LBB-Impuls gGmbH\",\"url\":\"https:\/\/lbb-impuls.de\/\",\"logo\":{\"@type\":\"ImageObject\",\"inLanguage\":\"de\",\"@id\":\"https:\/\/lbb-impuls.de\/#\/schema\/logo\/image\/\",\"url\":\"https:\/\/lbb-impuls.de\/wp-content\/uploads\/2025\/10\/cropped-logo-lbb-178.png\",\"contentUrl\":\"https:\/\/lbb-impuls.de\/wp-content\/uploads\/2025\/10\/cropped-logo-lbb-178.png\",\"width\":512,\"height\":512,\"caption\":\"LBB-Impuls gGmbH\"},\"image\":{\"@id\":\"https:\/\/lbb-impuls.de\/#\/schema\/logo\/image\/\"}},{\"@type\":\"Person\",\"@id\":\"https:\/\/lbb-impuls.de\/#\/schema\/person\/59e8548eb77d3a82c3b9084ddb945fd5\",\"name\":\"admin\",\"image\":{\"@type\":\"ImageObject\",\"inLanguage\":\"de\",\"@id\":\"https:\/\/lbb-impuls.de\/#\/schema\/person\/image\/\",\"url\":\"https:\/\/secure.gravatar.com\/avatar\/?s=96&d=mm&r=g\",\"contentUrl\":\"https:\/\/secure.gravatar.com\/avatar\/?s=96&d=mm&r=g\",\"caption\":\"admin\"},\"sameAs\":[\"https:\/\/lbb-impuls.de\"],\"url\":\"https:\/\/lbb-impuls.de\/?author=2\"}]}<\/script>\n<!-- \/ Yoast SEO plugin. -->","yoast_head_json":{"title":"Vogelnest - LBB-Impuls gGmbH","robots":{"index":"index","follow":"follow","max-snippet":"max-snippet:-1","max-image-preview":"max-image-preview:large","max-video-preview":"max-video-preview:-1"},"canonical":"https:\/\/lbb-impuls.de\/?p=1206","og_locale":"de_DE","og_type":"article","og_title":"Vogelnest - LBB-Impuls gGmbH","og_description":"Wir nehmen auch S\u00e4uglinge und Kleinkinder im Alter von 0 bis 18 Monaten auf. Dank unserer jahrelangen Erfahrung (insbesondere auch mit der Aufnahme von Fr\u00fchgeburten) durch regelm\u00e4\u00dfige Teilnahme an speziellen Fort- und Weiterbildungen und Zusammenarbeit in einem multiprofessionellen Team garantieren wir eine professionelle Betreuung.","og_url":"https:\/\/lbb-impuls.de\/?p=1206","og_site_name":"LBB-Impuls gGmbH","article_published_time":"2025-11-23T10:51:19+00:00","author":"admin","twitter_card":"summary_large_image","twitter_misc":{"Verfasst von":"admin","Gesch\u00e4tzte Lesezeit":"1\u00a0Minute"},"schema":{"@context":"https:\/\/schema.org","@graph":[{"@type":"Article","@id":"https:\/\/lbb-impuls.de\/?p=1206#article","isPartOf":{"@id":"https:\/\/lbb-impuls.de\/?p=1206"},"author":{"name":"admin","@id":"https:\/\/lbb-impuls.de\/#\/schema\/person\/59e8548eb77d3a82c3b9084ddb945fd5"},"headline":"Vogelnest","datePublished":"2025-11-23T10:51:19+00:00","mainEntityOfPage":{"@id":"https:\/\/lbb-impuls.de\/?p=1206"},"wordCount":163,"publisher":{"@id":"https:\/\/lbb-impuls.de\/#organization"},"image":{"@id":"https:\/\/lbb-impuls.de\/?p=1206#primaryimage"},"thumbnailUrl":"","articleSection":["Jugendhilfeverbund","Kinder- und Jugendwohngruppen"],"inLanguage":"de"},{"@type":"WebPage","@id":"https:\/\/lbb-impuls.de\/?p=1206","url":"https:\/\/lbb-impuls.de\/?p=1206","name":"Vogelnest - LBB-Impuls gGmbH","isPartOf":{"@id":"https:\/\/lbb-impuls.de\/#website"},"primaryImageOfPage":{"@id":"https:\/\/lbb-impuls.de\/?p=1206#primaryimage"},"image":{"@id":"https:\/\/lbb-impuls.de\/?p=1206#primaryimage"},"thumbnailUrl":"","datePublished":"2025-11-23T10:51:19+00:00","breadcrumb":{"@id":"https:\/\/lbb-impuls.de\/?p=1206#breadcrumb"},"inLanguage":"de","potentialAction":[{"@type":"ReadAction","target":["https:\/\/lbb-impuls.de\/?p=1206"]}]},{"@type":"ImageObject","inLanguage":"de","@id":"https:\/\/lbb-impuls.de\/?p=1206#primaryimage","url":"","contentUrl":""},{"@type":"BreadcrumbList","@id":"https:\/\/lbb-impuls.de\/?p=1206#breadcrumb","itemListElement":[{"@type":"ListItem","position":1,"name":"Startseite","item":"https:\/\/lbb-impuls.de\/"},{"@type":"ListItem","position":2,"name":"Vogelnest"}]},{"@type":"WebSite","@id":"https:\/\/lbb-impuls.de\/#website","url":"https:\/\/lbb-impuls.de\/","name":"LBB-Impuls gGmbH","description":"Beratung, die bewegt - Bildung, die begeistert","publisher":{"@id":"https:\/\/lbb-impuls.de\/#organization"},"potentialAction":[{"@type":"SearchAction","target":{"@type":"EntryPoint","urlTemplate":"https:\/\/lbb-impuls.de\/?s={search_term_string}"},"query-input":{"@type":"PropertyValueSpecification","valueRequired":true,"valueName":"search_term_string"}}],"inLanguage":"de"},{"@type":"Organization","@id":"https:\/\/lbb-impuls.de\/#organization","name":"LBB-Impuls gGmbH","url":"https:\/\/lbb-impuls.de\/","logo":{"@type":"ImageObject","inLanguage":"de","@id":"https:\/\/lbb-impuls.de\/#\/schema\/logo\/image\/","url":"https:\/\/lbb-impuls.de\/wp-content\/uploads\/2025\/10\/cropped-logo-lbb-178.png","contentUrl":"https:\/\/lbb-impuls.de\/wp-content\/uploads\/2025\/10\/cropped-logo-lbb-178.png","width":512,"height":512,"caption":"LBB-Impuls gGmbH"},"image":{"@id":"https:\/\/lbb-impuls.de\/#\/schema\/logo\/image\/"}},{"@type":"Person","@id":"https:\/\/lbb-impuls.de\/#\/schema\/person\/59e8548eb77d3a82c3b9084ddb945fd5","name":"admin","image":{"@type":"ImageObject","inLanguage":"de","@id":"https:\/\/lbb-impuls.de\/#\/schema\/person\/image\/","url":"https:\/\/secure.gravatar.com\/avatar\/?s=96&d=mm&r=g","contentUrl":"https:\/\/secure.gravatar.com\/avatar\/?s=96&d=mm&r=g","caption":"admin"},"sameAs":["https:\/\/lbb-impuls.de"],"url":"https:\/\/lbb-impuls.de\/?author=2"}]}},"jetpack_featured_media_url":"","_links":{"self":[{"href":"https:\/\/lbb-impuls.de\/index.php?rest_route=\/wp\/v2\/posts\/1206","targetHints":{"allow":["GET"]}}],"collection":[{"href":"https:\/\/lbb-impuls.de\/index.php?rest_route=\/wp\/v2\/posts"}],"about":[{"href":"https:\/\/lbb-impuls.de\/index.php?rest_route=\/wp\/v2\/types\/post"}],"author":[{"embeddable":true,"href":"https:\/\/lbb-impuls.de\/index.php?rest_route=\/wp\/v2\/users\/2"}],"replies":[{"embeddable":true,"href":"https:\/\/lbb-impuls.de\/index.php?rest_route=%2Fwp%2Fv2%2Fcomments&post=1206"}],"version-history":[{"count":0,"href":"https:\/\/lbb-impuls.de\/index.php?rest_route=\/wp\/v2\/posts\/1206\/revisions"}],"wp:featuredmedia":[{"embeddable":true,"href":"https:\/\/lbb-impuls.de\/index.php?rest_route=\/"}],"wp:attachment":[{"href":"https:\/\/lbb-impuls.de\/index.php?rest_route=%2Fwp%2Fv2%2Fmedia&parent=1206"}],"wp:term":[{"taxonomy":"category","embeddable":true,"href":"https:\/\/lbb-impuls.de\/index.php?rest_route=%2Fwp%2Fv2%2Fcategories&post=1206"},{"taxonomy":"post_tag","embeddable":true,"href":"https:\/\/lbb-impuls.de\/index.php?rest_route=%2Fwp%2Fv2%2Ftags&post=1206"}],"curies":[{"name":"wp","href":"https:\/\/api.w.org\/{rel}","templated":true}]}}