{"id":253,"date":"2025-11-27T21:14:55","date_gmt":"2025-11-27T20:14:55","guid":{"rendered":"https:\/\/neu.bvik.de\/?p=253"},"modified":"2025-11-27T21:14:55","modified_gmt":"2025-11-27T20:14:55","slug":"bundesfreiwilligendienst","status":"publish","type":"post","link":"https:\/\/lbb-impuls.de\/?p=253","title":{"rendered":"Bundesfreiwilligendienst"},"content":{"rendered":"\n<div class=\"wp-block-group alignwide is-layout-flow wp-container-core-group-is-layout-d58a0413 wp-block-group-is-layout-flow\" style=\"padding-top:var(--wp--preset--spacing--50);padding-bottom:var(--wp--preset--spacing--50)\">\n<section class=\"wp-block-group bHide is-layout-constrained wp-block-group-is-layout-constrained\">\n<p>F\u00fchrend in der Organisation, Durchf\u00fchrung und Abrechnung<\/p>\n\n\n\n<p>Unser Ziel ist es, Freiwillige zu unterst\u00fctzen und ihnen die M\u00f6glichkeit zu geben, sich sozial zu engagieren.<\/p>\n<\/section>\n\n\n<div class=\"bHide wp-block-post-excerpt\"><p class=\"wp-block-post-excerpt__excerpt\">Engagement f\u00fcr das Gemeinwohl und pers\u00f6nliche Entwicklung <\/p><\/div>\n\n\n<h2 class=\"wp-block-heading has-x-large-font-size\">H\u00e4ufig gestellte Fragen<\/h2>\n\n\n\n<div class=\"wp-block-columns is-layout-flex wp-container-core-columns-is-layout-cbe57604 wp-block-columns-is-layout-flex\">\n<div class=\"wp-block-column is-layout-flow wp-block-column-is-layout-flow\">\n<div class=\"wp-block-group is-layout-flow wp-block-group-is-layout-flow\" style=\"border-top-color:var(--wp--preset--color--accent-6);border-top-width:1px;padding-top:var(--wp--preset--spacing--30);padding-bottom:var(--wp--preset--spacing--30)\">\n<h3 class=\"wp-block-heading\">Wer kann Bundesfreiwilliger werden?<\/h3>\n\n\n\n<p>Jeder, der die Voraussetzungen erf\u00fcllt und sich f\u00fcr den Dienst an der Gesellschaft engagieren m\u00f6chte.<\/p>\n<\/div>\n<\/div>\n\n\n\n<div class=\"wp-block-column is-layout-flow wp-block-column-is-layout-flow\">\n<div class=\"wp-block-group is-layout-flow wp-block-group-is-layout-flow\" style=\"border-top-color:var(--wp--preset--color--accent-6);border-top-width:1px;padding-top:var(--wp--preset--spacing--30);padding-bottom:var(--wp--preset--spacing--30)\">\n<h3 class=\"wp-block-heading\">Wie lange dauert der Dienst?<\/h3>\n\n\n\n<p>Der Dienst als Bundesfreiwilliger dauert in der Regel 12 Monate.<\/p>\n<\/div>\n<\/div>\n<\/div>\n\n\n\n<div class=\"wp-block-columns is-layout-flex wp-container-core-columns-is-layout-cbe57604 wp-block-columns-is-layout-flex\">\n<div class=\"wp-block-column is-layout-flow wp-block-column-is-layout-flow\">\n<div class=\"wp-block-group is-layout-flow wp-block-group-is-layout-flow\" style=\"border-top-color:var(--wp--preset--color--accent-6);border-top-width:1px;padding-top:var(--wp--preset--spacing--30);padding-bottom:var(--wp--preset--spacing--30)\">\n<h3 class=\"wp-block-heading\">Welche Leistungen erhalten Bundesfreiwillige?<\/h3>\n\n\n\n<p>Bundesfreiwillige erhalten eine angemessene Verg\u00fctung sowie Sozialleistungen.<\/p>\n<\/div>\n<\/div>\n\n\n\n<div class=\"wp-block-column is-layout-flow wp-block-column-is-layout-flow\">\n<div class=\"wp-block-group is-layout-flow wp-block-group-is-layout-flow\" style=\"border-top-color:var(--wp--preset--color--accent-6);border-top-width:1px;padding-top:var(--wp--preset--spacing--30);padding-bottom:var(--wp--preset--spacing--30)\">\n<h3 class=\"wp-block-heading\">Kann ich meinen Dienstort w\u00e4hlen?<\/h3>\n\n\n\n<p>Ja, wir versuchen, den W\u00fcnschen der Freiwilligen bei der Einsatzortswahl nachzukommen.<\/p>\n<\/div>\n<\/div>\n<\/div>\n\n\n\n<div class=\"wp-block-columns is-layout-flex wp-container-core-columns-is-layout-28f84493 wp-block-columns-is-layout-flex\">\n<div class=\"wp-block-column is-layout-flow wp-block-column-is-layout-flow\">\n<div class=\"wp-block-group is-layout-constrained wp-block-group-is-layout-constrained\" style=\"border-top-color:var(--wp--preset--color--accent-6);border-top-width:1px;padding-top:var(--wp--preset--spacing--30);padding-bottom:var(--wp--preset--spacing--30)\">\n<h3 class=\"wp-block-heading\">Gibt es Weiterbildungsm\u00f6glichkeiten?<\/h3>\n\n\n\n<p>Ja, wir bieten regelm\u00e4\u00dfige Schulungen an.<\/p>\n<\/div>\n<\/div>\n\n\n\n<div class=\"wp-block-column is-layout-flow wp-block-column-is-layout-flow\">\n<div class=\"wp-block-group is-layout-constrained wp-block-group-is-layout-constrained\" style=\"border-top-color:var(--wp--preset--color--accent-6);border-top-width:1px;padding-top:var(--wp--preset--spacing--30);padding-bottom:var(--wp--preset--spacing--30)\">\n<h3 class=\"wp-block-heading\">Hast du Fragen?<\/h3>\n\n\n\n<p><a href=\"mailto:BFD@BVIK.de?subject=Anfrage zum Bundesfreiwilligendienst&amp;body=Hallo,%0D%0A%0D%0Aich habe zu den Angaben zum Bundesfreiwilligendienst auf eurer Homapge weitere Fragen.\" rel=\"nofollow\">Dann kannst uns gerne kontaktieren.<\/a><\/p>\n<\/div>\n<\/div>\n<\/div>\n\n\n<ul class=\"wp-block-latest-posts__list has-dates has-author wp-block-latest-posts\"><\/ul><\/div>\n","protected":false},"excerpt":{"rendered":"<p>Engagement f\u00fcr das Gemeinwohl und pers\u00f6nliche Entwicklung<\/p>\n","protected":false},"author":2,"featured_media":267,"comment_status":"closed","ping_status":"closed","sticky":false,"template":"bvik-page","format":"standard","meta":{"footnotes":""},"categories":[11],"tags":[],"class_list":["post-253","post","type-post","status-publish","format-standard","has-post-thumbnail","hentry","category-arbeitsbereiche"],"yoast_head":"<!-- This site is optimized with the Yoast SEO plugin v26.6 - https:\/\/yoast.com\/wordpress\/plugins\/seo\/ -->\n<title>Bundesfreiwilligendienst - LBB-Impuls gGmbH<\/title>\n<meta name=\"robots\" content=\"index, follow, max-snippet:-1, max-image-preview:large, max-video-preview:-1\" \/>\n<link rel=\"canonical\" href=\"https:\/\/lbb-impuls.de\/?p=253\" \/>\n<meta property=\"og:locale\" content=\"de_DE\" \/>\n<meta property=\"og:type\" content=\"article\" \/>\n<meta property=\"og:title\" content=\"Bundesfreiwilligendienst - LBB-Impuls gGmbH\" \/>\n<meta property=\"og:description\" content=\"Engagement f\u00fcr das Gemeinwohl und pers\u00f6nliche Entwicklung\" \/>\n<meta property=\"og:url\" content=\"https:\/\/lbb-impuls.de\/?p=253\" \/>\n<meta property=\"og:site_name\" content=\"LBB-Impuls gGmbH\" \/>\n<meta property=\"article:published_time\" content=\"2025-11-27T20:14:55+00:00\" \/>\n<meta name=\"author\" content=\"admin\" \/>\n<meta name=\"twitter:card\" content=\"summary_large_image\" \/>\n<meta name=\"twitter:label1\" content=\"Verfasst von\" \/>\n\t<meta name=\"twitter:data1\" content=\"admin\" \/>\n\t<meta name=\"twitter:label2\" content=\"Gesch\u00e4tzte Lesezeit\" \/>\n\t<meta name=\"twitter:data2\" content=\"1\u00a0Minute\" \/>\n<script type=\"application\/ld+json\" class=\"yoast-schema-graph\">{\"@context\":\"https:\/\/schema.org\",\"@graph\":[{\"@type\":\"Article\",\"@id\":\"https:\/\/lbb-impuls.de\/?p=253#article\",\"isPartOf\":{\"@id\":\"https:\/\/lbb-impuls.de\/?p=253\"},\"author\":{\"name\":\"admin\",\"@id\":\"https:\/\/lbb-impuls.de\/#\/schema\/person\/59e8548eb77d3a82c3b9084ddb945fd5\"},\"headline\":\"Bundesfreiwilligendienst\",\"datePublished\":\"2025-11-27T20:14:55+00:00\",\"mainEntityOfPage\":{\"@id\":\"https:\/\/lbb-impuls.de\/?p=253\"},\"wordCount\":118,\"publisher\":{\"@id\":\"https:\/\/lbb-impuls.de\/#organization\"},\"image\":{\"@id\":\"https:\/\/lbb-impuls.de\/?p=253#primaryimage\"},\"thumbnailUrl\":\"\",\"articleSection\":[\"Arbeitsbereiche\"],\"inLanguage\":\"de\"},{\"@type\":\"WebPage\",\"@id\":\"https:\/\/lbb-impuls.de\/?p=253\",\"url\":\"https:\/\/lbb-impuls.de\/?p=253\",\"name\":\"Bundesfreiwilligendienst - LBB-Impuls gGmbH\",\"isPartOf\":{\"@id\":\"https:\/\/lbb-impuls.de\/#website\"},\"primaryImageOfPage\":{\"@id\":\"https:\/\/lbb-impuls.de\/?p=253#primaryimage\"},\"image\":{\"@id\":\"https:\/\/lbb-impuls.de\/?p=253#primaryimage\"},\"thumbnailUrl\":\"\",\"datePublished\":\"2025-11-27T20:14:55+00:00\",\"breadcrumb\":{\"@id\":\"https:\/\/lbb-impuls.de\/?p=253#breadcrumb\"},\"inLanguage\":\"de\",\"potentialAction\":[{\"@type\":\"ReadAction\",\"target\":[\"https:\/\/lbb-impuls.de\/?p=253\"]}]},{\"@type\":\"ImageObject\",\"inLanguage\":\"de\",\"@id\":\"https:\/\/lbb-impuls.de\/?p=253#primaryimage\",\"url\":\"\",\"contentUrl\":\"\"},{\"@type\":\"BreadcrumbList\",\"@id\":\"https:\/\/lbb-impuls.de\/?p=253#breadcrumb\",\"itemListElement\":[{\"@type\":\"ListItem\",\"position\":1,\"name\":\"Startseite\",\"item\":\"https:\/\/lbb-impuls.de\/\"},{\"@type\":\"ListItem\",\"position\":2,\"name\":\"Bundesfreiwilligendienst\"}]},{\"@type\":\"WebSite\",\"@id\":\"https:\/\/lbb-impuls.de\/#website\",\"url\":\"https:\/\/lbb-impuls.de\/\",\"name\":\"LBB-Impuls gGmbH\",\"description\":\"Beratung, die bewegt - Bildung, die begeistert\",\"publisher\":{\"@id\":\"https:\/\/lbb-impuls.de\/#organization\"},\"potentialAction\":[{\"@type\":\"SearchAction\",\"target\":{\"@type\":\"EntryPoint\",\"urlTemplate\":\"https:\/\/lbb-impuls.de\/?s={search_term_string}\"},\"query-input\":{\"@type\":\"PropertyValueSpecification\",\"valueRequired\":true,\"valueName\":\"search_term_string\"}}],\"inLanguage\":\"de\"},{\"@type\":\"Organization\",\"@id\":\"https:\/\/lbb-impuls.de\/#organization\",\"name\":\"LBB-Impuls gGmbH\",\"url\":\"https:\/\/lbb-impuls.de\/\",\"logo\":{\"@type\":\"ImageObject\",\"inLanguage\":\"de\",\"@id\":\"https:\/\/lbb-impuls.de\/#\/schema\/logo\/image\/\",\"url\":\"https:\/\/lbb-impuls.de\/wp-content\/uploads\/2025\/10\/cropped-logo-lbb-178.png\",\"contentUrl\":\"https:\/\/lbb-impuls.de\/wp-content\/uploads\/2025\/10\/cropped-logo-lbb-178.png\",\"width\":512,\"height\":512,\"caption\":\"LBB-Impuls gGmbH\"},\"image\":{\"@id\":\"https:\/\/lbb-impuls.de\/#\/schema\/logo\/image\/\"}},{\"@type\":\"Person\",\"@id\":\"https:\/\/lbb-impuls.de\/#\/schema\/person\/59e8548eb77d3a82c3b9084ddb945fd5\",\"name\":\"admin\",\"image\":{\"@type\":\"ImageObject\",\"inLanguage\":\"de\",\"@id\":\"https:\/\/lbb-impuls.de\/#\/schema\/person\/image\/\",\"url\":\"https:\/\/secure.gravatar.com\/avatar\/?s=96&d=mm&r=g\",\"contentUrl\":\"https:\/\/secure.gravatar.com\/avatar\/?s=96&d=mm&r=g\",\"caption\":\"admin\"},\"sameAs\":[\"https:\/\/lbb-impuls.de\"],\"url\":\"https:\/\/lbb-impuls.de\/?author=2\"}]}<\/script>\n<!-- \/ Yoast SEO plugin. -->","yoast_head_json":{"title":"Bundesfreiwilligendienst - LBB-Impuls gGmbH","robots":{"index":"index","follow":"follow","max-snippet":"max-snippet:-1","max-image-preview":"max-image-preview:large","max-video-preview":"max-video-preview:-1"},"canonical":"https:\/\/lbb-impuls.de\/?p=253","og_locale":"de_DE","og_type":"article","og_title":"Bundesfreiwilligendienst - LBB-Impuls gGmbH","og_description":"Engagement f\u00fcr das Gemeinwohl und pers\u00f6nliche Entwicklung","og_url":"https:\/\/lbb-impuls.de\/?p=253","og_site_name":"LBB-Impuls gGmbH","article_published_time":"2025-11-27T20:14:55+00:00","author":"admin","twitter_card":"summary_large_image","twitter_misc":{"Verfasst von":"admin","Gesch\u00e4tzte Lesezeit":"1\u00a0Minute"},"schema":{"@context":"https:\/\/schema.org","@graph":[{"@type":"Article","@id":"https:\/\/lbb-impuls.de\/?p=253#article","isPartOf":{"@id":"https:\/\/lbb-impuls.de\/?p=253"},"author":{"name":"admin","@id":"https:\/\/lbb-impuls.de\/#\/schema\/person\/59e8548eb77d3a82c3b9084ddb945fd5"},"headline":"Bundesfreiwilligendienst","datePublished":"2025-11-27T20:14:55+00:00","mainEntityOfPage":{"@id":"https:\/\/lbb-impuls.de\/?p=253"},"wordCount":118,"publisher":{"@id":"https:\/\/lbb-impuls.de\/#organization"},"image":{"@id":"https:\/\/lbb-impuls.de\/?p=253#primaryimage"},"thumbnailUrl":"","articleSection":["Arbeitsbereiche"],"inLanguage":"de"},{"@type":"WebPage","@id":"https:\/\/lbb-impuls.de\/?p=253","url":"https:\/\/lbb-impuls.de\/?p=253","name":"Bundesfreiwilligendienst - LBB-Impuls gGmbH","isPartOf":{"@id":"https:\/\/lbb-impuls.de\/#website"},"primaryImageOfPage":{"@id":"https:\/\/lbb-impuls.de\/?p=253#primaryimage"},"image":{"@id":"https:\/\/lbb-impuls.de\/?p=253#primaryimage"},"thumbnailUrl":"","datePublished":"2025-11-27T20:14:55+00:00","breadcrumb":{"@id":"https:\/\/lbb-impuls.de\/?p=253#breadcrumb"},"inLanguage":"de","potentialAction":[{"@type":"ReadAction","target":["https:\/\/lbb-impuls.de\/?p=253"]}]},{"@type":"ImageObject","inLanguage":"de","@id":"https:\/\/lbb-impuls.de\/?p=253#primaryimage","url":"","contentUrl":""},{"@type":"BreadcrumbList","@id":"https:\/\/lbb-impuls.de\/?p=253#breadcrumb","itemListElement":[{"@type":"ListItem","position":1,"name":"Startseite","item":"https:\/\/lbb-impuls.de\/"},{"@type":"ListItem","position":2,"name":"Bundesfreiwilligendienst"}]},{"@type":"WebSite","@id":"https:\/\/lbb-impuls.de\/#website","url":"https:\/\/lbb-impuls.de\/","name":"LBB-Impuls gGmbH","description":"Beratung, die bewegt - Bildung, die begeistert","publisher":{"@id":"https:\/\/lbb-impuls.de\/#organization"},"potentialAction":[{"@type":"SearchAction","target":{"@type":"EntryPoint","urlTemplate":"https:\/\/lbb-impuls.de\/?s={search_term_string}"},"query-input":{"@type":"PropertyValueSpecification","valueRequired":true,"valueName":"search_term_string"}}],"inLanguage":"de"},{"@type":"Organization","@id":"https:\/\/lbb-impuls.de\/#organization","name":"LBB-Impuls gGmbH","url":"https:\/\/lbb-impuls.de\/","logo":{"@type":"ImageObject","inLanguage":"de","@id":"https:\/\/lbb-impuls.de\/#\/schema\/logo\/image\/","url":"https:\/\/lbb-impuls.de\/wp-content\/uploads\/2025\/10\/cropped-logo-lbb-178.png","contentUrl":"https:\/\/lbb-impuls.de\/wp-content\/uploads\/2025\/10\/cropped-logo-lbb-178.png","width":512,"height":512,"caption":"LBB-Impuls gGmbH"},"image":{"@id":"https:\/\/lbb-impuls.de\/#\/schema\/logo\/image\/"}},{"@type":"Person","@id":"https:\/\/lbb-impuls.de\/#\/schema\/person\/59e8548eb77d3a82c3b9084ddb945fd5","name":"admin","image":{"@type":"ImageObject","inLanguage":"de","@id":"https:\/\/lbb-impuls.de\/#\/schema\/person\/image\/","url":"https:\/\/secure.gravatar.com\/avatar\/?s=96&d=mm&r=g","contentUrl":"https:\/\/secure.gravatar.com\/avatar\/?s=96&d=mm&r=g","caption":"admin"},"sameAs":["https:\/\/lbb-impuls.de"],"url":"https:\/\/lbb-impuls.de\/?author=2"}]}},"jetpack_featured_media_url":"","_links":{"self":[{"href":"https:\/\/lbb-impuls.de\/index.php?rest_route=\/wp\/v2\/posts\/253","targetHints":{"allow":["GET"]}}],"collection":[{"href":"https:\/\/lbb-impuls.de\/index.php?rest_route=\/wp\/v2\/posts"}],"about":[{"href":"https:\/\/lbb-impuls.de\/index.php?rest_route=\/wp\/v2\/types\/post"}],"author":[{"embeddable":true,"href":"https:\/\/lbb-impuls.de\/index.php?rest_route=\/wp\/v2\/users\/2"}],"replies":[{"embeddable":true,"href":"https:\/\/lbb-impuls.de\/index.php?rest_route=%2Fwp%2Fv2%2Fcomments&post=253"}],"version-history":[{"count":0,"href":"https:\/\/lbb-impuls.de\/index.php?rest_route=\/wp\/v2\/posts\/253\/revisions"}],"wp:featuredmedia":[{"embeddable":true,"href":"https:\/\/lbb-impuls.de\/index.php?rest_route=\/"}],"wp:attachment":[{"href":"https:\/\/lbb-impuls.de\/index.php?rest_route=%2Fwp%2Fv2%2Fmedia&parent=253"}],"wp:term":[{"taxonomy":"category","embeddable":true,"href":"https:\/\/lbb-impuls.de\/index.php?rest_route=%2Fwp%2Fv2%2Fcategories&post=253"},{"taxonomy":"post_tag","embeddable":true,"href":"https:\/\/lbb-impuls.de\/index.php?rest_route=%2Fwp%2Fv2%2Ftags&post=253"}],"curies":[{"name":"wp","href":"https:\/\/api.w.org\/{rel}","templated":true}]}}